{"id":302,"date":"2026-01-10T15:00:18","date_gmt":"2026-01-10T14:00:18","guid":{"rendered":"https:\/\/pl-jesenwang.de\/?p=302"},"modified":"2026-01-25T14:14:08","modified_gmt":"2026-01-25T13:14:08","slug":"ul-fly-in-2021-01-mai-die-ul-szene-trifft-sich-zum-22-mal-in-folge-am-flugplatz-jesenwang","status":"publish","type":"post","link":"https:\/\/pl-jesenwang.de\/?p=302","title":{"rendered":"UL Fly In 2026 &#8211; 01. Mai die UL Szene trifft sich zum 26 mal am Flugplatz Jesenwang"},"content":{"rendered":"<p><strong><span style=\"color: #ffff00;\">&#8211; 2026 zum 01.Mai sehen wir uns wieder &#8211;<\/span><\/strong><\/p>\n<p>01. Mai 2026 &#8212; UL FlyIn &#8212; in EDMJ &#8211; Jesenwang<br \/>\nFlugplatz Jesenwang &amp; Freigel\u00e4nde<\/p>\n<p>Nachdem uns in 2025 bei guten Wetterverh\u00e4ltnissen ca. 70 Flugzeuge besuchten, freuen wir uns schon auf den 2026er Event. Ein f\u00fcr alle ungezwungenes UL-Fly In erwartet Euch.<br \/>\nWir freuen uns auf Euch!<\/p>\n<p>Veranstaltungsort:\u00a0 \u00a0 \u00a0 \u00a0 \u00a0 \u00a0 \u00a0 \u00a0 \u00a0 Flugplatz Jesenwang EDMJ<br \/>\nTag der Veranstaltung:\u00a0 \u00a0 \u00a0 \u00a0 \u00a0 \u00a001. Mai 2026<br \/>\nZeitraum der Veranstaltung:\u00a0 \u00a010:00h bis 17:00h (LT)<\/p>\n<p>Allzeit sch\u00f6ne Fl\u00fcge und bis 2026.<\/p>\n<p>Viele Gr\u00fc\u00dfe,<br \/>\nEuere Vorstandschaft des ProLuftfahrt Jesenwang e.V.<\/p>\n<p>&nbsp;<\/p>\n<p><span style=\"color: #ff6600;\">Du m\u00f6chtest uns etwas mitteilen &#8211; hierf\u00fcr kannst Du dieses Formular ausf\u00fcllen und Deine Nachricht an uns senden.<\/span><br \/>\n\n<div class=\"wpcf7 no-js\" id=\"wpcf7-f172-o1\" lang=\"de-DE\" dir=\"ltr\" data-wpcf7-id=\"172\">\n<div class=\"screen-reader-response\"><p role=\"status\" aria-live=\"polite\" aria-atomic=\"true\"><\/p> <ul><\/ul><\/div>\n<form action=\"\/index.php?rest_route=%2Fwp%2Fv2%2Fposts%2F302#wpcf7-f172-o1\" method=\"post\" class=\"wpcf7-form init\" aria-label=\"Kontaktformular\" novalidate=\"novalidate\" data-status=\"init\">\n<fieldset class=\"hidden-fields-container\"><input type=\"hidden\" name=\"_wpcf7\" value=\"172\" \/><input type=\"hidden\" name=\"_wpcf7_version\" value=\"6.1.5\" \/><input type=\"hidden\" name=\"_wpcf7_locale\" value=\"de_DE\" \/><input type=\"hidden\" name=\"_wpcf7_unit_tag\" value=\"wpcf7-f172-o1\" \/><input type=\"hidden\" name=\"_wpcf7_container_post\" value=\"0\" \/><input type=\"hidden\" name=\"_wpcf7_posted_data_hash\" value=\"\" \/>\n<\/fieldset>\n<p><label> Dein Name (Pflichtfeld)<br \/>\n<span class=\"wpcf7-form-control-wrap\" data-name=\"your-name\"><input size=\"40\" maxlength=\"400\" class=\"wpcf7-form-control wpcf7-text wpcf7-validates-as-required\" aria-required=\"true\" aria-invalid=\"false\" value=\"\" type=\"text\" name=\"your-name\" \/><\/span> <\/label>\n<\/p>\n<p><label> Deine E-Mail-Adresse (Pflichtfeld)<br \/>\n<span class=\"wpcf7-form-control-wrap\" data-name=\"your-email\"><input size=\"40\" maxlength=\"400\" class=\"wpcf7-form-control wpcf7-email wpcf7-validates-as-required wpcf7-text wpcf7-validates-as-email\" aria-required=\"true\" aria-invalid=\"false\" value=\"\" type=\"email\" name=\"your-email\" \/><\/span> <\/label>\n<\/p>\n<p><label> Betreff<br \/>\n<span class=\"wpcf7-form-control-wrap\" data-name=\"your-subject\"><input size=\"40\" maxlength=\"400\" class=\"wpcf7-form-control wpcf7-text\" aria-invalid=\"false\" value=\"\" type=\"text\" name=\"your-subject\" \/><\/span> <\/label>\n<\/p>\n<p><label> Deine Nachricht<br \/>\n<span class=\"wpcf7-form-control-wrap\" data-name=\"your-message\"><textarea cols=\"40\" rows=\"10\" maxlength=\"2000\" class=\"wpcf7-form-control wpcf7-textarea\" aria-invalid=\"false\" name=\"your-message\"><\/textarea><\/span> <\/label>\n<\/p>\n<p><input class=\"wpcf7-form-control wpcf7-submit has-spinner\" type=\"submit\" value=\"Senden\" \/>\n<\/p><div class=\"wpcf7-response-output\" aria-hidden=\"true\"><\/div>\n<\/form>\n<\/div>\n<\/p>\n","protected":false},"excerpt":{"rendered":"<p>&#8211; 2026 zum 01.Mai sehen wir uns wieder &#8211; 01. Mai 2026 &#8212; UL FlyIn &#8212; in EDMJ &#8211; Jesenwang Flugplatz Jesenwang &amp; Freigel\u00e4nde Nachdem uns in 2025 bei guten Wetterverh\u00e4ltnissen ca. 70 Flugzeuge besuchten, freuen wir uns schon auf den 2026er Event. Ein f\u00fcr alle ungezwungenes UL-Fly In erwartet Euch. Wir freuen uns auf <a class=\"more-link\" href=\"https:\/\/pl-jesenwang.de\/?p=302\">weiterlesen&#8230;<\/a><\/p>\n","protected":false},"author":1,"featured_media":170,"comment_status":"closed","ping_status":"closed","sticky":false,"template":"","format":"standard","meta":{"footnotes":""},"categories":[1],"tags":[],"class_list":["post-302","post","type-post","status-publish","format-standard","has-post-thumbnail","hentry","category-uncategorized"],"_links":{"self":[{"href":"https:\/\/pl-jesenwang.de\/index.php?rest_route=\/wp\/v2\/posts\/302","targetHints":{"allow":["GET"]}}],"collection":[{"href":"https:\/\/pl-jesenwang.de\/index.php?rest_route=\/wp\/v2\/posts"}],"about":[{"href":"https:\/\/pl-jesenwang.de\/index.php?rest_route=\/wp\/v2\/types\/post"}],"author":[{"embeddable":true,"href":"https:\/\/pl-jesenwang.de\/index.php?rest_route=\/wp\/v2\/users\/1"}],"replies":[{"embeddable":true,"href":"https:\/\/pl-jesenwang.de\/index.php?rest_route=%2Fwp%2Fv2%2Fcomments&post=302"}],"version-history":[{"count":19,"href":"https:\/\/pl-jesenwang.de\/index.php?rest_route=\/wp\/v2\/posts\/302\/revisions"}],"predecessor-version":[{"id":685,"href":"https:\/\/pl-jesenwang.de\/index.php?rest_route=\/wp\/v2\/posts\/302\/revisions\/685"}],"wp:featuredmedia":[{"embeddable":true,"href":"https:\/\/pl-jesenwang.de\/index.php?rest_route=\/wp\/v2\/media\/170"}],"wp:attachment":[{"href":"https:\/\/pl-jesenwang.de\/index.php?rest_route=%2Fwp%2Fv2%2Fmedia&parent=302"}],"wp:term":[{"taxonomy":"category","embeddable":true,"href":"https:\/\/pl-jesenwang.de\/index.php?rest_route=%2Fwp%2Fv2%2Fcategories&post=302"},{"taxonomy":"post_tag","embeddable":true,"href":"https:\/\/pl-jesenwang.de\/index.php?rest_route=%2Fwp%2Fv2%2Ftags&post=302"}],"curies":[{"name":"wp","href":"https:\/\/api.w.org\/{rel}","templated":true}]}}