{"id":556,"date":"2026-01-15T21:02:33","date_gmt":"2026-01-15T20:02:33","guid":{"rendered":"https:\/\/pl-jesenwang.de\/?p=556"},"modified":"2026-01-25T14:30:54","modified_gmt":"2026-01-25T13:30:54","slug":"jahreshauptversammlung-mit-neuwahlen-am-10-februar-2023","status":"publish","type":"post","link":"https:\/\/pl-jesenwang.de\/?p=556","title":{"rendered":"Jahreshauptversammlung ohne Neuwahlen am 06. M\u00e4rz 2026"},"content":{"rendered":"<p>Hallo liebe Mitglieder,<br \/>\noder besser gesagt &#8222;Servus Miteinander&#8220;<\/p>\n<p>Wir laden ein zur Jahreshauptversammlung. Diese findet am Freitag den 06. M\u00e4rz 2026 um 19:00h am Flugplatz Jesenwang in der Gastst\u00e4tte FlyIn statt.<br \/>\nDas Einladungsschreiben dazu werden wir in K\u00fcrze per Email versenden.<\/p>\n<p>Blue skies,<br \/>\ndas Pr\u00e4sidium<\/p>\n","protected":false},"excerpt":{"rendered":"<p>Hallo liebe Mitglieder, oder besser gesagt &#8222;Servus Miteinander&#8220; Wir laden ein zur Jahreshauptversammlung. Diese findet am Freitag den 06. M\u00e4rz 2026 um 19:00h am Flugplatz Jesenwang in der Gastst\u00e4tte FlyIn statt. Das Einladungsschreiben dazu werden wir in K\u00fcrze per Email versenden. Blue skies, das Pr\u00e4sidium<\/p>\n","protected":false},"author":1,"featured_media":0,"comment_status":"closed","ping_status":"closed","sticky":false,"template":"","format":"standard","meta":{"footnotes":""},"categories":[1],"tags":[],"class_list":["post-556","post","type-post","status-publish","format-standard","hentry","category-uncategorized"],"_links":{"self":[{"href":"https:\/\/pl-jesenwang.de\/index.php?rest_route=\/wp\/v2\/posts\/556","targetHints":{"allow":["GET"]}}],"collection":[{"href":"https:\/\/pl-jesenwang.de\/index.php?rest_route=\/wp\/v2\/posts"}],"about":[{"href":"https:\/\/pl-jesenwang.de\/index.php?rest_route=\/wp\/v2\/types\/post"}],"author":[{"embeddable":true,"href":"https:\/\/pl-jesenwang.de\/index.php?rest_route=\/wp\/v2\/users\/1"}],"replies":[{"embeddable":true,"href":"https:\/\/pl-jesenwang.de\/index.php?rest_route=%2Fwp%2Fv2%2Fcomments&post=556"}],"version-history":[{"count":6,"href":"https:\/\/pl-jesenwang.de\/index.php?rest_route=\/wp\/v2\/posts\/556\/revisions"}],"predecessor-version":[{"id":687,"href":"https:\/\/pl-jesenwang.de\/index.php?rest_route=\/wp\/v2\/posts\/556\/revisions\/687"}],"wp:attachment":[{"href":"https:\/\/pl-jesenwang.de\/index.php?rest_route=%2Fwp%2Fv2%2Fmedia&parent=556"}],"wp:term":[{"taxonomy":"category","embeddable":true,"href":"https:\/\/pl-jesenwang.de\/index.php?rest_route=%2Fwp%2Fv2%2Fcategories&post=556"},{"taxonomy":"post_tag","embeddable":true,"href":"https:\/\/pl-jesenwang.de\/index.php?rest_route=%2Fwp%2Fv2%2Ftags&post=556"}],"curies":[{"name":"wp","href":"https:\/\/api.w.org\/{rel}","templated":true}]}}